{"id":3164,"date":"2025-12-10T05:30:06","date_gmt":"2025-12-10T03:30:06","guid":{"rendered":"https:\/\/www.rigamuz.lv\/mn\/?p=3164"},"modified":"2026-03-20T12:02:27","modified_gmt":"2026-03-20T10:02:27","slug":"koncerts-svetas-lucijas-stasts-13-decembri-pie-mencendorfa-nama-silta-pavarda","status":"publish","type":"post","link":"https:\/\/www.rigamuz.lv\/mn\/mencendorfa-nama-viesistaba\/koncerts-svetas-lucijas-stasts-13-decembri-pie-mencendorfa-nama-silta-pavarda\/","title":{"rendered":"Koncerts \u201cSv\u0113t\u0101s L\u016bcijas st\u0101sts\u201d \u2013 13. decembr\u012b pie Mencendorfa nama pavarda"},"content":{"rendered":"","protected":false},"excerpt":{"rendered":"","protected":false},"author":2,"featured_media":3165,"comment_status":"open","ping_status":"open","sticky":false,"template":"","format":"standard","meta":[],"categories":[200],"tags":[],"_links":{"self":[{"href":"https:\/\/www.rigamuz.lv\/mn\/wp-json\/wp\/v2\/posts\/3164"}],"collection":[{"href":"https:\/\/www.rigamuz.lv\/mn\/wp-json\/wp\/v2\/posts"}],"about":[{"href":"https:\/\/www.rigamuz.lv\/mn\/wp-json\/wp\/v2\/types\/post"}],"author":[{"embeddable":true,"href":"https:\/\/www.rigamuz.lv\/mn\/wp-json\/wp\/v2\/users\/2"}],"replies":[{"embeddable":true,"href":"https:\/\/www.rigamuz.lv\/mn\/wp-json\/wp\/v2\/comments?post=3164"}],"version-history":[{"count":10,"href":"https:\/\/www.rigamuz.lv\/mn\/wp-json\/wp\/v2\/posts\/3164\/revisions"}],"predecessor-version":[{"id":3175,"href":"https:\/\/www.rigamuz.lv\/mn\/wp-json\/wp\/v2\/posts\/3164\/revisions\/3175"}],"wp:featuredmedia":[{"embeddable":true,"href":"https:\/\/www.rigamuz.lv\/mn\/wp-json\/wp\/v2\/media\/3165"}],"wp:attachment":[{"href":"https:\/\/www.rigamuz.lv\/mn\/wp-json\/wp\/v2\/media?parent=3164"}],"wp:term":[{"taxonomy":"category","embeddable":true,"href":"https:\/\/www.rigamuz.lv\/mn\/wp-json\/wp\/v2\/categories?post=3164"},{"taxonomy":"post_tag","embeddable":true,"href":"https:\/\/www.rigamuz.lv\/mn\/wp-json\/wp\/v2\/tags?post=3164"}],"curies":[{"name":"wp","href":"https:\/\/api.w.org\/{rel}","templated":true}]}}